{"id":94,"date":"2020-03-16T18:51:47","date_gmt":"2020-03-16T18:51:47","guid":{"rendered":"https:\/\/viveroscambil.com\/blog\/?p=94"},"modified":"2020-03-16T19:08:08","modified_gmt":"2020-03-16T19:08:08","slug":"flores-y-plantas-para-el-dia-del-padre","status":"publish","type":"post","link":"https:\/\/viveroscambil.com\/blog\/flores-y-plantas-para-el-dia-del-padre\/","title":{"rendered":"Flores y plantas para el D\u00eda del Padre"},"content":{"rendered":"<p>\u00bfQui\u00e9n dijo que a los hombres no se les regala <strong>flores y plantas para el D\u00eda del Padre<\/strong>? \u00bfQui\u00e9n no se ilusiona cuando recibe un ramo o una maceta con una bonita planta de parte de sus hijos? Cuando los ni\u00f1os a\u00f1aden un mensaje o un dibujo al regalo floral, convierten esas plantas en un fragmento del hogar que luce cargado de sentimiento en el escritorio del trabajo o en el sal\u00f3n de casa.<\/p>\n<p>Este 19 de marzo, regala flores y plantas para el D\u00eda del Padre, como s\u00edmbolo de amor filial.<\/p>\n<h2>Plantas f\u00e1ciles de cuidar para el D\u00eda del Padre<\/h2>\n<p>Desde el punto de vista pr\u00e1ctico, el regalo id\u00f3neo para tener en casa o la oficina son <strong>plantas ornamentales de interior que se cuidan con facilidad<\/strong>, como la yuca o el ficus.<\/p>\n<h3>La yuca pie de elefante<\/h3>\n<p>La yuca es un arbusto perenne de la familia de las agav\u00e1ceas. Su aspecto recuerda al aloe, aunque se trata de especies distintas.<\/p>\n<p>La yuca destaca a la vista por sus troncos le\u00f1osos, hojas largas lanceoladas y, en su h\u00e1bitat natural, por sus racimos de flores colgantes blancas, rosadas o en tonos beige. No es habitual que la yuca florezca en interior, pero s\u00ed en invernadero y en casos de plantas ya desarrolladas y con un buen mantenimiento.<\/p>\n<p>La yuca, como planta ornamental, destaca por su <strong>sobriedad y exotismo<\/strong>. Las especies m\u00e1s comunes para regalar son la yuca pie de elefante (<em>Yucca elephantipes<\/em>) y la bayoneta espa\u00f1ola o yuca pinchuda (<em>Yucca aloifolia<\/em>). Seg\u00fan la especie y el entorno donde la ubiques, la yuca alcanza entre 2 y 4 metros de altura en interior y unos 8 metros en el exterior.<\/p>\n<p>Una de las claves para que la planta crezca en plenitud es una <strong>luz natural abundante<\/strong>. En cuanto a la temperatura, la yuca se desarrolla entre los 16\u00b0 C y 38\u00b0 C. Las temperaturas m\u00e1s de 16 \u00b0 detienen el crecimiento. En verano puedes sacar la planta al exterior, y en invierno protegerla del fr\u00edo dentro de casa lejos de fuentes de calor artificial.<\/p>\n<p>Como la yuca proviene de un h\u00e1bitat des\u00e9rtico, es una planta resistente que <strong>apenas necesita riego<\/strong>: dos veces al mes en invierno y una vez a la semana en los meses c\u00e1lidos. Atenci\u00f3n: la principal causa de enfermedad de la yuca es el riego excesivo.<\/p>\n<p>La yuca s\u00f3lo necesita <strong>abono l\u00edquido para plantas verdes de interior<\/strong> en el agua del riego. Con el abono, igual que con el agua, el exceso de fertilizaci\u00f3n da\u00f1a la planta y produce quemaduras.<\/p>\n<h3>El ficus de hoja ancha<\/h3>\n<p>Los ficus son un g\u00e9nero de plantas pertenecientes a la familia <em>Moracenae<\/em>. La familia consta de m\u00e1s de 800 especies, entre arbustos, plantas trepadoras y \u00e1rboles. Por su valor gastron\u00f3mico, <strong>la higuera<\/strong> es la especie m\u00e1s apreciada de ficus (ficus significa: higo).<\/p>\n<p>El ficus ornamental que predomina en Europa es el llamado <strong>ficus de hoja ancha<\/strong>, tambi\u00e9n conocido por: ficus robusta o \u00e1rbol del caucho (<em>Ficus elastica<\/em>). El ficus de hoja ancha es una especie tropical y sencilla de mantener.<\/p>\n<p>En un tiesto, el ficus mantiene un tama\u00f1o razonable. Debido a su uso ornamental en macetas, mucha gente desconoce que en realidad el ficus es un \u00e1rbol que alcanza los 20 metros. Puedes plantar el ficus en tu jard\u00edn si le permites un periodo de <strong>aclimataci\u00f3n<\/strong> y aprendes a protegerlo de las heladas, porque, como planta tropical, no tolera el fr\u00edo. En el vivero te informar\u00e1n si es viable el crecimiento de un ficus en exterior en la zona geogr\u00e1fica donde resides.<\/p>\n<p>Las principales necesidades del ficus son <strong>luz solar abundante y riego moderado<\/strong>. En caso de no ubicar la planta en un lugar muy soleado, puedes girar la maceta con regularidad para que las hojas reciban la luz que necesitan.<\/p>\n<p>Respecto al agua, la maceta debe contar con un <strong>buen<\/strong> <strong>drenaje<\/strong>, pues el encharcamiento afecta a las ra\u00edces y produce infecciones f\u00fangicas, entre otras enfermedades. En verano se riega una vez por semana, y en invierno cada dos semanas. El ficus tambi\u00e9n agradece una vaporizaci\u00f3n de las hojas cada 15 d\u00edas.<\/p>\n<p><strong>El<\/strong> <strong>abonado de ficus en interior es por<\/strong> <strong>fertirrigaci\u00f3n<\/strong>, es decir, a\u00f1ades fertilizante al agua de riego. Las dosis altas se aplican en invierno, y la m\u00e1s baja en verano, porque la frecuencia de riego es mayor. En los meses c\u00e1lidos se potencian los abonos ricos en nitr\u00f3geno, y en oto\u00f1o los de mayor proporci\u00f3n de potasa.<\/p>\n<p>Ahora ya conoces dos sugerencias de flores y plantas para el D\u00eda del Padre. Los <strong>regalos florales por San Jos\u00e9<\/strong> constituyen un detalle que, adem\u00e1s de sentido est\u00e9tico, simbolizan el amor que profesas al homenajeado.<\/p>\n<p>Consulta en el vivero <strong>qu\u00e9 flores y plantas se regalan en fechas se\u00f1aladas<\/strong>.<\/p>\n","protected":false},"excerpt":{"rendered":"<p>\u00bfQui\u00e9n dijo que a los hombres no se les regala flores y plantas para el D\u00eda del Padre? \u00bfQui\u00e9n no se ilusiona cuando recibe un ramo o una maceta con &#8230; <\/p>\n<p class=\"read-more-container\"><a title=\"Flores y plantas para el D\u00eda del Padre\" class=\"read-more button\" href=\"https:\/\/viveroscambil.com\/blog\/flores-y-plantas-para-el-dia-del-padre\/#more-94\">Leer m\u00e1s<span class=\"screen-reader-text\">Flores y plantas para el D\u00eda del Padre<\/span><\/a><\/p>\n","protected":false},"author":1,"featured_media":97,"comment_status":"open","ping_status":"open","sticky":false,"template":"","format":"standard","meta":{"_et_pb_use_builder":"","_et_pb_old_content":"","generate_page_header":""},"categories":[1],"tags":[],"yoast_head":"<!-- This site is optimized with the Yoast SEO plugin v16.7 - https:\/\/yoast.com\/wordpress\/plugins\/seo\/ -->\n<title>Flores y plantas para el D\u00eda del Padre - Viveros Cambil Granada<\/title>\n<meta name=\"description\" content=\"\u00bfQui\u00e9n dijo que a los hombres no se les regala flores y plantas para el D\u00eda del Padre? \u00bfQui\u00e9n no se ilusiona cuando recibe un ramo o una maceta con una bonita planta de parte de sus hijos?\" \/>\n<meta name=\"robots\" content=\"index, follow, max-snippet:-1, max-image-preview:large, max-video-preview:-1\" \/>\n<link rel=\"canonical\" href=\"https:\/\/viveroscambil.com\/blog\/flores-y-plantas-para-el-dia-del-padre\/\" \/>\n<meta property=\"og:locale\" content=\"es_ES\" \/>\n<meta property=\"og:type\" content=\"article\" \/>\n<meta property=\"og:title\" content=\"Flores y plantas para el D\u00eda del Padre - Viveros Cambil Granada\" \/>\n<meta property=\"og:description\" content=\"\u00bfQui\u00e9n dijo que a los hombres no se les regala flores y plantas para el D\u00eda del Padre? \u00bfQui\u00e9n no se ilusiona cuando recibe un ramo o una maceta con una bonita planta de parte de sus hijos?\" \/>\n<meta property=\"og:url\" content=\"https:\/\/viveroscambil.com\/blog\/flores-y-plantas-para-el-dia-del-padre\/\" \/>\n<meta property=\"og:site_name\" content=\"Viveros Cambil Blog\" \/>\n<meta property=\"article:published_time\" content=\"2020-03-16T18:51:47+00:00\" \/>\n<meta property=\"article:modified_time\" content=\"2020-03-16T19:08:08+00:00\" \/>\n<meta property=\"og:image\" content=\"https:\/\/viveroscambil.com\/blog\/wp-content\/uploads\/2020\/03\/Feliz-dia-del-padre.jpg\" \/>\n\t<meta property=\"og:image:width\" content=\"1200\" \/>\n\t<meta property=\"og:image:height\" content=\"859\" \/>\n<meta name=\"twitter:card\" content=\"summary_large_image\" \/>\n<meta name=\"twitter:label1\" content=\"Escrito por\" \/>\n\t<meta name=\"twitter:data1\" content=\"Susana Cambil\" \/>\n\t<meta name=\"twitter:label2\" content=\"Tiempo de lectura\" \/>\n\t<meta name=\"twitter:data2\" content=\"4 minutos\" \/>\n<script type=\"application\/ld+json\" class=\"yoast-schema-graph\">{\"@context\":\"https:\/\/schema.org\",\"@graph\":[{\"@type\":\"WebSite\",\"@id\":\"https:\/\/viveroscambil.com\/blog\/#website\",\"url\":\"https:\/\/viveroscambil.com\/blog\/\",\"name\":\"Viveros Cambil Blog\",\"description\":\"\",\"potentialAction\":[{\"@type\":\"SearchAction\",\"target\":{\"@type\":\"EntryPoint\",\"urlTemplate\":\"https:\/\/viveroscambil.com\/blog\/?s={search_term_string}\"},\"query-input\":\"required name=search_term_string\"}],\"inLanguage\":\"es\"},{\"@type\":\"ImageObject\",\"@id\":\"https:\/\/viveroscambil.com\/blog\/flores-y-plantas-para-el-dia-del-padre\/#primaryimage\",\"inLanguage\":\"es\",\"url\":\"https:\/\/viveroscambil.com\/blog\/wp-content\/uploads\/2020\/03\/Feliz-dia-del-padre.jpg\",\"contentUrl\":\"https:\/\/viveroscambil.com\/blog\/wp-content\/uploads\/2020\/03\/Feliz-dia-del-padre.jpg\",\"width\":1200,\"height\":859},{\"@type\":\"WebPage\",\"@id\":\"https:\/\/viveroscambil.com\/blog\/flores-y-plantas-para-el-dia-del-padre\/#webpage\",\"url\":\"https:\/\/viveroscambil.com\/blog\/flores-y-plantas-para-el-dia-del-padre\/\",\"name\":\"Flores y plantas para el D\\u00eda del Padre - Viveros Cambil Granada\",\"isPartOf\":{\"@id\":\"https:\/\/viveroscambil.com\/blog\/#website\"},\"primaryImageOfPage\":{\"@id\":\"https:\/\/viveroscambil.com\/blog\/flores-y-plantas-para-el-dia-del-padre\/#primaryimage\"},\"datePublished\":\"2020-03-16T18:51:47+00:00\",\"dateModified\":\"2020-03-16T19:08:08+00:00\",\"author\":{\"@id\":\"https:\/\/viveroscambil.com\/blog\/#\/schema\/person\/e48d2aeb8362259109809ac11b09883e\"},\"description\":\"\\u00bfQui\\u00e9n dijo que a los hombres no se les regala flores y plantas para el D\\u00eda del Padre? \\u00bfQui\\u00e9n no se ilusiona cuando recibe un ramo o una maceta con una bonita planta de parte de sus hijos?\",\"breadcrumb\":{\"@id\":\"https:\/\/viveroscambil.com\/blog\/flores-y-plantas-para-el-dia-del-padre\/#breadcrumb\"},\"inLanguage\":\"es\",\"potentialAction\":[{\"@type\":\"ReadAction\",\"target\":[\"https:\/\/viveroscambil.com\/blog\/flores-y-plantas-para-el-dia-del-padre\/\"]}]},{\"@type\":\"BreadcrumbList\",\"@id\":\"https:\/\/viveroscambil.com\/blog\/flores-y-plantas-para-el-dia-del-padre\/#breadcrumb\",\"itemListElement\":[{\"@type\":\"ListItem\",\"position\":1,\"name\":\"Portada\",\"item\":\"https:\/\/viveroscambil.com\/blog\/\"},{\"@type\":\"ListItem\",\"position\":2,\"name\":\"Flores y plantas para el D\\u00eda del Padre\"}]},{\"@type\":\"Person\",\"@id\":\"https:\/\/viveroscambil.com\/blog\/#\/schema\/person\/e48d2aeb8362259109809ac11b09883e\",\"name\":\"Susana Cambil\",\"image\":{\"@type\":\"ImageObject\",\"@id\":\"https:\/\/viveroscambil.com\/blog\/#personlogo\",\"inLanguage\":\"es\",\"url\":\"https:\/\/secure.gravatar.com\/avatar\/ffeb301f85bcac9b8c7ef233980e9a7b?s=96&d=mm&r=g\",\"contentUrl\":\"https:\/\/secure.gravatar.com\/avatar\/ffeb301f85bcac9b8c7ef233980e9a7b?s=96&d=mm&r=g\",\"caption\":\"Susana Cambil\"},\"url\":\"https:\/\/viveroscambil.com\/blog\/author\/susanacambil\/\"}]}<\/script>\n<!-- \/ Yoast SEO plugin. -->","yoast_head_json":{"title":"Flores y plantas para el D\u00eda del Padre - Viveros Cambil Granada","description":"\u00bfQui\u00e9n dijo que a los hombres no se les regala flores y plantas para el D\u00eda del Padre? \u00bfQui\u00e9n no se ilusiona cuando recibe un ramo o una maceta con una bonita planta de parte de sus hijos?","robots":{"index":"index","follow":"follow","max-snippet":"max-snippet:-1","max-image-preview":"max-image-preview:large","max-video-preview":"max-video-preview:-1"},"canonical":"https:\/\/viveroscambil.com\/blog\/flores-y-plantas-para-el-dia-del-padre\/","og_locale":"es_ES","og_type":"article","og_title":"Flores y plantas para el D\u00eda del Padre - Viveros Cambil Granada","og_description":"\u00bfQui\u00e9n dijo que a los hombres no se les regala flores y plantas para el D\u00eda del Padre? \u00bfQui\u00e9n no se ilusiona cuando recibe un ramo o una maceta con una bonita planta de parte de sus hijos?","og_url":"https:\/\/viveroscambil.com\/blog\/flores-y-plantas-para-el-dia-del-padre\/","og_site_name":"Viveros Cambil Blog","article_published_time":"2020-03-16T18:51:47+00:00","article_modified_time":"2020-03-16T19:08:08+00:00","og_image":[{"width":1200,"height":859,"url":"https:\/\/viveroscambil.com\/blog\/wp-content\/uploads\/2020\/03\/Feliz-dia-del-padre.jpg","path":"\/home\/customer\/www\/viveroscambil.com\/public_html\/blog\/wp-content\/uploads\/2020\/03\/Feliz-dia-del-padre.jpg","size":"full","id":97,"alt":"","pixels":1030800,"type":"image\/jpeg"}],"twitter_card":"summary_large_image","twitter_misc":{"Escrito por":"Susana Cambil","Tiempo de lectura":"4 minutos"},"schema":{"@context":"https:\/\/schema.org","@graph":[{"@type":"WebSite","@id":"https:\/\/viveroscambil.com\/blog\/#website","url":"https:\/\/viveroscambil.com\/blog\/","name":"Viveros Cambil Blog","description":"","potentialAction":[{"@type":"SearchAction","target":{"@type":"EntryPoint","urlTemplate":"https:\/\/viveroscambil.com\/blog\/?s={search_term_string}"},"query-input":"required name=search_term_string"}],"inLanguage":"es"},{"@type":"ImageObject","@id":"https:\/\/viveroscambil.com\/blog\/flores-y-plantas-para-el-dia-del-padre\/#primaryimage","inLanguage":"es","url":"https:\/\/viveroscambil.com\/blog\/wp-content\/uploads\/2020\/03\/Feliz-dia-del-padre.jpg","contentUrl":"https:\/\/viveroscambil.com\/blog\/wp-content\/uploads\/2020\/03\/Feliz-dia-del-padre.jpg","width":1200,"height":859},{"@type":"WebPage","@id":"https:\/\/viveroscambil.com\/blog\/flores-y-plantas-para-el-dia-del-padre\/#webpage","url":"https:\/\/viveroscambil.com\/blog\/flores-y-plantas-para-el-dia-del-padre\/","name":"Flores y plantas para el D\u00eda del Padre - Viveros Cambil Granada","isPartOf":{"@id":"https:\/\/viveroscambil.com\/blog\/#website"},"primaryImageOfPage":{"@id":"https:\/\/viveroscambil.com\/blog\/flores-y-plantas-para-el-dia-del-padre\/#primaryimage"},"datePublished":"2020-03-16T18:51:47+00:00","dateModified":"2020-03-16T19:08:08+00:00","author":{"@id":"https:\/\/viveroscambil.com\/blog\/#\/schema\/person\/e48d2aeb8362259109809ac11b09883e"},"description":"\u00bfQui\u00e9n dijo que a los hombres no se les regala flores y plantas para el D\u00eda del Padre? \u00bfQui\u00e9n no se ilusiona cuando recibe un ramo o una maceta con una bonita planta de parte de sus hijos?","breadcrumb":{"@id":"https:\/\/viveroscambil.com\/blog\/flores-y-plantas-para-el-dia-del-padre\/#breadcrumb"},"inLanguage":"es","potentialAction":[{"@type":"ReadAction","target":["https:\/\/viveroscambil.com\/blog\/flores-y-plantas-para-el-dia-del-padre\/"]}]},{"@type":"BreadcrumbList","@id":"https:\/\/viveroscambil.com\/blog\/flores-y-plantas-para-el-dia-del-padre\/#breadcrumb","itemListElement":[{"@type":"ListItem","position":1,"name":"Portada","item":"https:\/\/viveroscambil.com\/blog\/"},{"@type":"ListItem","position":2,"name":"Flores y plantas para el D\u00eda del Padre"}]},{"@type":"Person","@id":"https:\/\/viveroscambil.com\/blog\/#\/schema\/person\/e48d2aeb8362259109809ac11b09883e","name":"Susana Cambil","image":{"@type":"ImageObject","@id":"https:\/\/viveroscambil.com\/blog\/#personlogo","inLanguage":"es","url":"https:\/\/secure.gravatar.com\/avatar\/ffeb301f85bcac9b8c7ef233980e9a7b?s=96&d=mm&r=g","contentUrl":"https:\/\/secure.gravatar.com\/avatar\/ffeb301f85bcac9b8c7ef233980e9a7b?s=96&d=mm&r=g","caption":"Susana Cambil"},"url":"https:\/\/viveroscambil.com\/blog\/author\/susanacambil\/"}]}},"_links":{"self":[{"href":"https:\/\/viveroscambil.com\/blog\/wp-json\/wp\/v2\/posts\/94"}],"collection":[{"href":"https:\/\/viveroscambil.com\/blog\/wp-json\/wp\/v2\/posts"}],"about":[{"href":"https:\/\/viveroscambil.com\/blog\/wp-json\/wp\/v2\/types\/post"}],"author":[{"embeddable":true,"href":"https:\/\/viveroscambil.com\/blog\/wp-json\/wp\/v2\/users\/1"}],"replies":[{"embeddable":true,"href":"https:\/\/viveroscambil.com\/blog\/wp-json\/wp\/v2\/comments?post=94"}],"version-history":[{"count":1,"href":"https:\/\/viveroscambil.com\/blog\/wp-json\/wp\/v2\/posts\/94\/revisions"}],"predecessor-version":[{"id":95,"href":"https:\/\/viveroscambil.com\/blog\/wp-json\/wp\/v2\/posts\/94\/revisions\/95"}],"wp:featuredmedia":[{"embeddable":true,"href":"https:\/\/viveroscambil.com\/blog\/wp-json\/wp\/v2\/media\/97"}],"wp:attachment":[{"href":"https:\/\/viveroscambil.com\/blog\/wp-json\/wp\/v2\/media?parent=94"}],"wp:term":[{"taxonomy":"category","embeddable":true,"href":"https:\/\/viveroscambil.com\/blog\/wp-json\/wp\/v2\/categories?post=94"},{"taxonomy":"post_tag","embeddable":true,"href":"https:\/\/viveroscambil.com\/blog\/wp-json\/wp\/v2\/tags?post=94"}],"curies":[{"name":"wp","href":"https:\/\/api.w.org\/{rel}","templated":true}]}}