{"id":69,"date":"2019-03-19T11:38:07","date_gmt":"2019-03-19T11:38:07","guid":{"rendered":"https:\/\/viveroscambil.com\/blog\/?p=69"},"modified":"2019-03-28T08:27:38","modified_gmt":"2019-03-28T08:27:38","slug":"3-motivos-para-regalar-bonsais-en-el-dia-del-padre","status":"publish","type":"post","link":"https:\/\/viveroscambil.com\/blog\/3-motivos-para-regalar-bonsais-en-el-dia-del-padre\/","title":{"rendered":"3 Motivos para regalar bons\u00e1is en el d\u00eda del padre"},"content":{"rendered":"<p>Llega el d\u00eda del padre y \u00bfno sabes qu\u00e9 regalar? Este a\u00f1o en lugar de un regalo convencional como perfume o ropa\u2026 \u00bfpor qu\u00e9 no regalarle algo especial? A continuaci\u00f3n te damos los motivos de por qu\u00e9 regalar un bonsai puede ser todo un acierto.<\/p>\n<p>&nbsp;<\/p>\n<h2>Una planta que representa la eternidad<img loading=\"lazy\" class=\"size-medium wp-image-70 alignright\" src=\"https:\/\/viveroscambil.com\/blog\/wp-content\/uploads\/2019\/03\/fot-1-246x300.jpg\" alt=\"\" width=\"246\" height=\"300\" srcset=\"https:\/\/viveroscambil.com\/blog\/wp-content\/uploads\/2019\/03\/fot-1-246x300.jpg 246w, https:\/\/viveroscambil.com\/blog\/wp-content\/uploads\/2019\/03\/fot-1.jpg 289w\" sizes=\"(max-width: 246px) 100vw, 246px\" \/><\/h2>\n<p>Los bons\u00e1is, tambi\u00e9n conocidos como <em>Penjing<\/em> o <em>Penzai<\/em> etimol\u00f3gicamente significa <em>bon<\/em> (bandeja) y <em>sai <\/em>(paisaje) <strong>paisaje en bandeja<\/strong> y su origen se remonta a hace 2000 a\u00f1os en China. En la cultura y filosof\u00eda de los monjes del Tao, estos \u00e1rboles en miniatura eran un objeto de culto que representaban un puente entre<\/p>\n<p>el cielo y la tierra, lo humano y lo divino. Durante siglos la posesi\u00f3n de los bons\u00e1is estaba ligada a la nobleza y a la alta sociedad china, ya que aquellos capaces de llevar a cabo sus cuidados y mantenimiento ten\u00edan asegurada la eternidad.<\/p>\n<h2>El bons\u00e1i, un \u00e1rbol en miniatura con gran significado<\/h2>\n<p>En la cultura china los bons\u00e1is son <strong>considerados como amuletos de buena suerte<\/strong>. La persona que recib\u00eda este tipo de \u00e1rbol empeque\u00f1ecido como regalo, ten\u00eda garantizada mayor suerte y fortuna. En la cultura del <em>Feng Shui<\/em>, los bons\u00e1is adem\u00e1s de ser decorativos que <strong>simbolizan la ocupaci\u00f3n arm\u00f3nica del espacio<\/strong>, influyen como energ\u00eda positiva en las personas que ocupasen dicho espacio. La creaci\u00f3n de armon\u00eda en la filosof\u00eda tao\u00edsta queda representada en la relaci\u00f3n entre el alma del ser humano y la pureza de la naturaleza.<\/p>\n<h2>La pr\u00e1ctica del bons\u00e1i como m\u00e9todo de relajaci\u00f3n<\/h2>\n<p>Otro de los motivos por el que regalar un bons\u00e1i es por la pr\u00e1ctica de los cuidados que requieren. Si tu padre es de las personas que disfrutan de la jardiner\u00eda, obsequiarle con un bons\u00e1i ser\u00e1 un acierto. El cuidado que conlleva esta planta es considerado como una conexi\u00f3n con la naturaleza, que invita a un estado de paz y relajaci\u00f3n.<\/p>\n<p><strong>\u00a0<\/strong><\/p>\n<p><strong>Algunos de los cuidados que requieren los bons\u00e1is son:<\/strong><\/p>\n<p>&nbsp;<\/p>\n<ol>\n<li>Podar con un sistema de pinzado o mantenimiento en sus ramitas (para mantener la forma)<\/li>\n<li>Regar de una manera constante evitando el exceso de agua<\/li>\n<li>Cortar el tronco de manera regular<\/li>\n<li>Cortar sus flores<\/li>\n<li>Tienen que recibir luz<\/li>\n<li>Ser trasplantados cuando la tierra se agote (2 \u00f3 3 a\u00f1os, seg\u00fan la especie)<\/li>\n<\/ol>\n<h2>El bons\u00e1i puede dar frutos<\/h2>\n<p>Los bons\u00e1is con frutos <strong>son realmente cotizados en el mercado<\/strong> y esto es debido al espect\u00e1culo que supone ver estas miniaturas produciendo sus propios frutos.<\/p>\n<p>Una de las peculiaridades de las miniaturas con fruto, es encontrar la especie cuyo tama\u00f1o del fruto, sea un bonsai con porte superior. De esta manera garantizas que haya una proporci\u00f3n adecuada entre el \u00e1rbol y la fruta como los bons\u00e1is de ciruelo, olivo y manzano.<\/p>\n<p>Las especies de bons\u00e1is con fruto aportan alegr\u00eda y colorido creando un ambiente confortable cargado de energ\u00eda positiva.<\/p>\n<p>&nbsp;<\/p>\n<p>\u00bfSe te ocurre mejor regalo simb\u00f3lico para demostrar tu cari\u00f1o en el d\u00eda del padre?<\/p>\n","protected":false},"excerpt":{"rendered":"<p>Llega el d\u00eda del padre y \u00bfno sabes qu\u00e9 regalar? Este a\u00f1o en lugar de un regalo convencional como perfume o ropa\u2026 \u00bfpor qu\u00e9 no regalarle algo especial? A continuaci\u00f3n &#8230; <\/p>\n<p class=\"read-more-container\"><a title=\"3 Motivos para regalar bons\u00e1is en el d\u00eda del padre\" class=\"read-more button\" href=\"https:\/\/viveroscambil.com\/blog\/3-motivos-para-regalar-bonsais-en-el-dia-del-padre\/#more-69\">Leer m\u00e1s<span class=\"screen-reader-text\">3 Motivos para regalar bons\u00e1is en el d\u00eda del padre<\/span><\/a><\/p>\n","protected":false},"author":1,"featured_media":71,"comment_status":"open","ping_status":"open","sticky":false,"template":"","format":"standard","meta":{"_et_pb_use_builder":"","_et_pb_old_content":"","generate_page_header":""},"categories":[1],"tags":[],"yoast_head":"<!-- This site is optimized with the Yoast SEO plugin v16.7 - https:\/\/yoast.com\/wordpress\/plugins\/seo\/ -->\n<title>3 Motivos para regalar bons\u00e1is en el d\u00eda del padre - Viveros Cambil Blog<\/title>\n<meta name=\"description\" content=\"\u00bfUn regalo original en el d\u00eda del padre? Te contamos los motivos de por qu\u00e9 regalar bons\u00e1is puede ser todo un acierto para un d\u00eda tan especial para \u00e9l.\" \/>\n<meta name=\"robots\" content=\"index, follow, max-snippet:-1, max-image-preview:large, max-video-preview:-1\" \/>\n<link rel=\"canonical\" href=\"https:\/\/viveroscambil.com\/blog\/3-motivos-para-regalar-bonsais-en-el-dia-del-padre\/\" \/>\n<meta property=\"og:locale\" content=\"es_ES\" \/>\n<meta property=\"og:type\" content=\"article\" \/>\n<meta property=\"og:title\" content=\"3 Motivos para regalar bons\u00e1is en el d\u00eda del padre - Viveros Cambil Blog\" \/>\n<meta property=\"og:description\" content=\"\u00bfUn regalo original en el d\u00eda del padre? Te contamos los motivos de por qu\u00e9 regalar bons\u00e1is puede ser todo un acierto para un d\u00eda tan especial para \u00e9l.\" \/>\n<meta property=\"og:url\" content=\"https:\/\/viveroscambil.com\/blog\/3-motivos-para-regalar-bonsais-en-el-dia-del-padre\/\" \/>\n<meta property=\"og:site_name\" content=\"Viveros Cambil Blog\" \/>\n<meta property=\"article:published_time\" content=\"2019-03-19T11:38:07+00:00\" \/>\n<meta property=\"article:modified_time\" content=\"2019-03-28T08:27:38+00:00\" \/>\n<meta property=\"og:image\" content=\"https:\/\/viveroscambil.com\/blog\/wp-content\/uploads\/2019\/03\/13676329_xl.jpg\" \/>\n\t<meta property=\"og:image:width\" content=\"1024\" \/>\n\t<meta property=\"og:image:height\" content=\"410\" \/>\n<meta name=\"twitter:card\" content=\"summary_large_image\" \/>\n<meta name=\"twitter:label1\" content=\"Escrito por\" \/>\n\t<meta name=\"twitter:data1\" content=\"Susana Cambil\" \/>\n\t<meta name=\"twitter:label2\" content=\"Tiempo de lectura\" \/>\n\t<meta name=\"twitter:data2\" content=\"3 minutos\" \/>\n<script type=\"application\/ld+json\" class=\"yoast-schema-graph\">{\"@context\":\"https:\/\/schema.org\",\"@graph\":[{\"@type\":\"WebSite\",\"@id\":\"https:\/\/viveroscambil.com\/blog\/#website\",\"url\":\"https:\/\/viveroscambil.com\/blog\/\",\"name\":\"Viveros Cambil Blog\",\"description\":\"\",\"potentialAction\":[{\"@type\":\"SearchAction\",\"target\":{\"@type\":\"EntryPoint\",\"urlTemplate\":\"https:\/\/viveroscambil.com\/blog\/?s={search_term_string}\"},\"query-input\":\"required name=search_term_string\"}],\"inLanguage\":\"es\"},{\"@type\":\"ImageObject\",\"@id\":\"https:\/\/viveroscambil.com\/blog\/3-motivos-para-regalar-bonsais-en-el-dia-del-padre\/#primaryimage\",\"inLanguage\":\"es\",\"url\":\"https:\/\/viveroscambil.com\/blog\/wp-content\/uploads\/2019\/03\/13676329_xl.jpg\",\"contentUrl\":\"https:\/\/viveroscambil.com\/blog\/wp-content\/uploads\/2019\/03\/13676329_xl.jpg\",\"width\":1024,\"height\":410,\"caption\":\"13676329 - bonsai banyan tree with white background\"},{\"@type\":\"WebPage\",\"@id\":\"https:\/\/viveroscambil.com\/blog\/3-motivos-para-regalar-bonsais-en-el-dia-del-padre\/#webpage\",\"url\":\"https:\/\/viveroscambil.com\/blog\/3-motivos-para-regalar-bonsais-en-el-dia-del-padre\/\",\"name\":\"3 Motivos para regalar bons\\u00e1is en el d\\u00eda del padre - Viveros Cambil Blog\",\"isPartOf\":{\"@id\":\"https:\/\/viveroscambil.com\/blog\/#website\"},\"primaryImageOfPage\":{\"@id\":\"https:\/\/viveroscambil.com\/blog\/3-motivos-para-regalar-bonsais-en-el-dia-del-padre\/#primaryimage\"},\"datePublished\":\"2019-03-19T11:38:07+00:00\",\"dateModified\":\"2019-03-28T08:27:38+00:00\",\"author\":{\"@id\":\"https:\/\/viveroscambil.com\/blog\/#\/schema\/person\/e48d2aeb8362259109809ac11b09883e\"},\"description\":\"\\u00bfUn regalo original en el d\\u00eda del padre? Te contamos los motivos de por qu\\u00e9 regalar bons\\u00e1is puede ser todo un acierto para un d\\u00eda tan especial para \\u00e9l.\",\"breadcrumb\":{\"@id\":\"https:\/\/viveroscambil.com\/blog\/3-motivos-para-regalar-bonsais-en-el-dia-del-padre\/#breadcrumb\"},\"inLanguage\":\"es\",\"potentialAction\":[{\"@type\":\"ReadAction\",\"target\":[\"https:\/\/viveroscambil.com\/blog\/3-motivos-para-regalar-bonsais-en-el-dia-del-padre\/\"]}]},{\"@type\":\"BreadcrumbList\",\"@id\":\"https:\/\/viveroscambil.com\/blog\/3-motivos-para-regalar-bonsais-en-el-dia-del-padre\/#breadcrumb\",\"itemListElement\":[{\"@type\":\"ListItem\",\"position\":1,\"name\":\"Portada\",\"item\":\"https:\/\/viveroscambil.com\/blog\/\"},{\"@type\":\"ListItem\",\"position\":2,\"name\":\"3 Motivos para regalar bons\\u00e1is en el d\\u00eda del padre\"}]},{\"@type\":\"Person\",\"@id\":\"https:\/\/viveroscambil.com\/blog\/#\/schema\/person\/e48d2aeb8362259109809ac11b09883e\",\"name\":\"Susana Cambil\",\"image\":{\"@type\":\"ImageObject\",\"@id\":\"https:\/\/viveroscambil.com\/blog\/#personlogo\",\"inLanguage\":\"es\",\"url\":\"https:\/\/secure.gravatar.com\/avatar\/ffeb301f85bcac9b8c7ef233980e9a7b?s=96&d=mm&r=g\",\"contentUrl\":\"https:\/\/secure.gravatar.com\/avatar\/ffeb301f85bcac9b8c7ef233980e9a7b?s=96&d=mm&r=g\",\"caption\":\"Susana Cambil\"},\"url\":\"https:\/\/viveroscambil.com\/blog\/author\/susanacambil\/\"}]}<\/script>\n<!-- \/ Yoast SEO plugin. -->","yoast_head_json":{"title":"3 Motivos para regalar bons\u00e1is en el d\u00eda del padre - Viveros Cambil Blog","description":"\u00bfUn regalo original en el d\u00eda del padre? Te contamos los motivos de por qu\u00e9 regalar bons\u00e1is puede ser todo un acierto para un d\u00eda tan especial para \u00e9l.","robots":{"index":"index","follow":"follow","max-snippet":"max-snippet:-1","max-image-preview":"max-image-preview:large","max-video-preview":"max-video-preview:-1"},"canonical":"https:\/\/viveroscambil.com\/blog\/3-motivos-para-regalar-bonsais-en-el-dia-del-padre\/","og_locale":"es_ES","og_type":"article","og_title":"3 Motivos para regalar bons\u00e1is en el d\u00eda del padre - Viveros Cambil Blog","og_description":"\u00bfUn regalo original en el d\u00eda del padre? Te contamos los motivos de por qu\u00e9 regalar bons\u00e1is puede ser todo un acierto para un d\u00eda tan especial para \u00e9l.","og_url":"https:\/\/viveroscambil.com\/blog\/3-motivos-para-regalar-bonsais-en-el-dia-del-padre\/","og_site_name":"Viveros Cambil Blog","article_published_time":"2019-03-19T11:38:07+00:00","article_modified_time":"2019-03-28T08:27:38+00:00","og_image":[{"width":1024,"height":410,"url":"https:\/\/viveroscambil.com\/blog\/wp-content\/uploads\/2019\/03\/13676329_xl.jpg","path":"\/home\/customer\/www\/viveroscambil.com\/public_html\/blog\/wp-content\/uploads\/2019\/03\/13676329_xl.jpg","size":"full","id":71,"alt":"","pixels":419840,"type":"image\/jpeg"}],"twitter_card":"summary_large_image","twitter_misc":{"Escrito por":"Susana Cambil","Tiempo de lectura":"3 minutos"},"schema":{"@context":"https:\/\/schema.org","@graph":[{"@type":"WebSite","@id":"https:\/\/viveroscambil.com\/blog\/#website","url":"https:\/\/viveroscambil.com\/blog\/","name":"Viveros Cambil Blog","description":"","potentialAction":[{"@type":"SearchAction","target":{"@type":"EntryPoint","urlTemplate":"https:\/\/viveroscambil.com\/blog\/?s={search_term_string}"},"query-input":"required name=search_term_string"}],"inLanguage":"es"},{"@type":"ImageObject","@id":"https:\/\/viveroscambil.com\/blog\/3-motivos-para-regalar-bonsais-en-el-dia-del-padre\/#primaryimage","inLanguage":"es","url":"https:\/\/viveroscambil.com\/blog\/wp-content\/uploads\/2019\/03\/13676329_xl.jpg","contentUrl":"https:\/\/viveroscambil.com\/blog\/wp-content\/uploads\/2019\/03\/13676329_xl.jpg","width":1024,"height":410,"caption":"13676329 - bonsai banyan tree with white background"},{"@type":"WebPage","@id":"https:\/\/viveroscambil.com\/blog\/3-motivos-para-regalar-bonsais-en-el-dia-del-padre\/#webpage","url":"https:\/\/viveroscambil.com\/blog\/3-motivos-para-regalar-bonsais-en-el-dia-del-padre\/","name":"3 Motivos para regalar bons\u00e1is en el d\u00eda del padre - Viveros Cambil Blog","isPartOf":{"@id":"https:\/\/viveroscambil.com\/blog\/#website"},"primaryImageOfPage":{"@id":"https:\/\/viveroscambil.com\/blog\/3-motivos-para-regalar-bonsais-en-el-dia-del-padre\/#primaryimage"},"datePublished":"2019-03-19T11:38:07+00:00","dateModified":"2019-03-28T08:27:38+00:00","author":{"@id":"https:\/\/viveroscambil.com\/blog\/#\/schema\/person\/e48d2aeb8362259109809ac11b09883e"},"description":"\u00bfUn regalo original en el d\u00eda del padre? Te contamos los motivos de por qu\u00e9 regalar bons\u00e1is puede ser todo un acierto para un d\u00eda tan especial para \u00e9l.","breadcrumb":{"@id":"https:\/\/viveroscambil.com\/blog\/3-motivos-para-regalar-bonsais-en-el-dia-del-padre\/#breadcrumb"},"inLanguage":"es","potentialAction":[{"@type":"ReadAction","target":["https:\/\/viveroscambil.com\/blog\/3-motivos-para-regalar-bonsais-en-el-dia-del-padre\/"]}]},{"@type":"BreadcrumbList","@id":"https:\/\/viveroscambil.com\/blog\/3-motivos-para-regalar-bonsais-en-el-dia-del-padre\/#breadcrumb","itemListElement":[{"@type":"ListItem","position":1,"name":"Portada","item":"https:\/\/viveroscambil.com\/blog\/"},{"@type":"ListItem","position":2,"name":"3 Motivos para regalar bons\u00e1is en el d\u00eda del padre"}]},{"@type":"Person","@id":"https:\/\/viveroscambil.com\/blog\/#\/schema\/person\/e48d2aeb8362259109809ac11b09883e","name":"Susana Cambil","image":{"@type":"ImageObject","@id":"https:\/\/viveroscambil.com\/blog\/#personlogo","inLanguage":"es","url":"https:\/\/secure.gravatar.com\/avatar\/ffeb301f85bcac9b8c7ef233980e9a7b?s=96&d=mm&r=g","contentUrl":"https:\/\/secure.gravatar.com\/avatar\/ffeb301f85bcac9b8c7ef233980e9a7b?s=96&d=mm&r=g","caption":"Susana Cambil"},"url":"https:\/\/viveroscambil.com\/blog\/author\/susanacambil\/"}]}},"_links":{"self":[{"href":"https:\/\/viveroscambil.com\/blog\/wp-json\/wp\/v2\/posts\/69"}],"collection":[{"href":"https:\/\/viveroscambil.com\/blog\/wp-json\/wp\/v2\/posts"}],"about":[{"href":"https:\/\/viveroscambil.com\/blog\/wp-json\/wp\/v2\/types\/post"}],"author":[{"embeddable":true,"href":"https:\/\/viveroscambil.com\/blog\/wp-json\/wp\/v2\/users\/1"}],"replies":[{"embeddable":true,"href":"https:\/\/viveroscambil.com\/blog\/wp-json\/wp\/v2\/comments?post=69"}],"version-history":[{"count":1,"href":"https:\/\/viveroscambil.com\/blog\/wp-json\/wp\/v2\/posts\/69\/revisions"}],"predecessor-version":[{"id":72,"href":"https:\/\/viveroscambil.com\/blog\/wp-json\/wp\/v2\/posts\/69\/revisions\/72"}],"wp:featuredmedia":[{"embeddable":true,"href":"https:\/\/viveroscambil.com\/blog\/wp-json\/wp\/v2\/media\/71"}],"wp:attachment":[{"href":"https:\/\/viveroscambil.com\/blog\/wp-json\/wp\/v2\/media?parent=69"}],"wp:term":[{"taxonomy":"category","embeddable":true,"href":"https:\/\/viveroscambil.com\/blog\/wp-json\/wp\/v2\/categories?post=69"},{"taxonomy":"post_tag","embeddable":true,"href":"https:\/\/viveroscambil.com\/blog\/wp-json\/wp\/v2\/tags?post=69"}],"curies":[{"name":"wp","href":"https:\/\/api.w.org\/{rel}","templated":true}]}}